{"id":51159,"date":"2026-04-30T11:31:19","date_gmt":"2026-04-30T09:31:19","guid":{"rendered":"https:\/\/www.korso.ch\/theatre-lord-of-the-flies\/"},"modified":"2026-04-30T13:06:53","modified_gmt":"2026-04-30T11:06:53","slug":"theatre-lord-of-the-flies","status":"publish","type":"post","link":"https:\/\/www.korso.ch\/de\/theatre-lord-of-the-flies\/","title":{"rendered":"Theater &#8211; Lord of the Flies"},"content":{"rendered":"","protected":false},"excerpt":{"rendered":"<p><strong>Donnerstag, 21. Mai und Freitag, 22. Mai um 19.00 Uhr<\/strong><\/p>\n<p>Pr\u00e4sentation der Auff\u00fchrung der Tagesschule Sesam in D\u00fcdingen<\/p>\n<p>Neun Sch\u00fcler:innen der Tagesschule Sesam in D\u00fcdingen spielen mit jugendlicher Energie und beeindruckender Ausdrucksst\u00e4rke den Klassiker des Literaturnobelpreistr\u00e4gers William Golding. Was bleibt am Schluss in der Welt, wenn gegenseitige Achtung und sorgf\u00e4ltiger Umgang miteinander nichts mehr z\u00e4hlen?<\/p>\n","protected":false},"author":11,"featured_media":51131,"comment_status":"open","ping_status":"open","sticky":false,"template":"","format":"standard","meta":{"_acf_changed":false,"_et_pb_use_builder":"","_et_pb_old_content":"","_et_gb_content_width":"","footnotes":""},"categories":[41,40],"tags":[6168],"class_list":["post-51159","post","type-post","status-publish","format-standard","has-post-thumbnail","hentry","category-premiere-de","category-film-de","tag-90-min-ab-10-jahren-auf-deutsch"],"acf":[],"yoast_head":"<!-- This site is optimized with the Yoast SEO plugin v26.4 - https:\/\/yoast.com\/wordpress\/plugins\/seo\/ -->\n<title>Theater - Lord of the Flies - Korso<\/title>\n<meta name=\"robots\" content=\"index, follow, max-snippet:-1, max-image-preview:large, max-video-preview:-1\" \/>\n<link rel=\"canonical\" href=\"https:\/\/www.korso.ch\/de\/theatre-lord-of-the-flies\/\" \/>\n<meta property=\"og:locale\" content=\"de_DE\" \/>\n<meta property=\"og:type\" content=\"article\" \/>\n<meta property=\"og:title\" content=\"Theater - Lord of the Flies - Korso\" \/>\n<meta property=\"og:description\" content=\"Donnerstag, 21. Mai und Freitag, 22. Mai um 19.00 Uhr Pr\u00e4sentation der Auff\u00fchrung der Tagesschule Sesam in D\u00fcdingen Neun Sch\u00fcler:innen der Tagesschule Sesam in D\u00fcdingen spielen mit jugendlicher Energie und beeindruckender Ausdrucksst\u00e4rke den Klassiker des Literaturnobelpreistr\u00e4gers William Golding. Was bleibt am Schluss in der Welt, wenn gegenseitige Achtung und sorgf\u00e4ltiger Umgang miteinander nichts mehr z\u00e4hlen?\" \/>\n<meta property=\"og:site_name\" content=\"Korso\" \/>\n<meta property=\"article:publisher\" content=\"https:\/\/www.facebook.com\/korsokinobarbier\/\" \/>\n<meta property=\"article:published_time\" content=\"2026-04-30T09:31:19+00:00\" \/>\n<meta property=\"article:modified_time\" content=\"2026-04-30T11:06:53+00:00\" \/>\n<meta property=\"og:image\" content=\"https:\/\/www.korso.ch\/wp-content\/uploads\/2026\/04\/lordsoffiles-1920x1080-1.jpg\" \/>\n\t<meta property=\"og:image:width\" content=\"1920\" \/>\n\t<meta property=\"og:image:height\" content=\"1080\" \/>\n\t<meta property=\"og:image:type\" content=\"image\/jpeg\" \/>\n<meta name=\"author\" content=\"Nell Klakla\" \/>\n<meta name=\"twitter:card\" content=\"summary_large_image\" \/>\n<meta name=\"twitter:label1\" content=\"Verfasst von\" \/>\n\t<meta name=\"twitter:data1\" content=\"Nell Klakla\" \/>\n\t<meta name=\"twitter:label2\" content=\"Gesch\u00e4tzte Lesezeit\" \/>\n\t<meta name=\"twitter:data2\" content=\"1\u00a0Minute\" \/>\n<script type=\"application\/ld+json\" class=\"yoast-schema-graph\">{\"@context\":\"https:\/\/schema.org\",\"@graph\":[{\"@type\":\"Article\",\"@id\":\"https:\/\/www.korso.ch\/de\/theatre-lord-of-the-flies\/#article\",\"isPartOf\":{\"@id\":\"https:\/\/www.korso.ch\/de\/theatre-lord-of-the-flies\/\"},\"author\":{\"name\":\"Nell Klakla\",\"@id\":\"https:\/\/www.korso.ch\/#\/schema\/person\/ba3b916185072fa4488c1aba2de12bd4\"},\"headline\":\"Theater &#8211; Lord of the Flies\",\"datePublished\":\"2026-04-30T09:31:19+00:00\",\"dateModified\":\"2026-04-30T11:06:53+00:00\",\"mainEntityOfPage\":{\"@id\":\"https:\/\/www.korso.ch\/de\/theatre-lord-of-the-flies\/\"},\"wordCount\":6,\"commentCount\":0,\"publisher\":{\"@id\":\"https:\/\/www.korso.ch\/#organization\"},\"image\":{\"@id\":\"https:\/\/www.korso.ch\/de\/theatre-lord-of-the-flies\/#primaryimage\"},\"thumbnailUrl\":\"https:\/\/www.korso.ch\/wp-content\/uploads\/2026\/04\/lordsoffiles-1920x1080-1.jpg\",\"keywords\":[\"90 Min., ab 10 Jahren, auf Deutsch\"],\"articleSection\":[\"Avant-premi\u00e8re DE\",\"Film DE\"],\"inLanguage\":\"de\",\"potentialAction\":[{\"@type\":\"CommentAction\",\"name\":\"Comment\",\"target\":[\"https:\/\/www.korso.ch\/de\/theatre-lord-of-the-flies\/#respond\"]}]},{\"@type\":\"WebPage\",\"@id\":\"https:\/\/www.korso.ch\/de\/theatre-lord-of-the-flies\/\",\"url\":\"https:\/\/www.korso.ch\/de\/theatre-lord-of-the-flies\/\",\"name\":\"Theater - Lord of the Flies - Korso\",\"isPartOf\":{\"@id\":\"https:\/\/www.korso.ch\/#website\"},\"primaryImageOfPage\":{\"@id\":\"https:\/\/www.korso.ch\/de\/theatre-lord-of-the-flies\/#primaryimage\"},\"image\":{\"@id\":\"https:\/\/www.korso.ch\/de\/theatre-lord-of-the-flies\/#primaryimage\"},\"thumbnailUrl\":\"https:\/\/www.korso.ch\/wp-content\/uploads\/2026\/04\/lordsoffiles-1920x1080-1.jpg\",\"datePublished\":\"2026-04-30T09:31:19+00:00\",\"dateModified\":\"2026-04-30T11:06:53+00:00\",\"breadcrumb\":{\"@id\":\"https:\/\/www.korso.ch\/de\/theatre-lord-of-the-flies\/#breadcrumb\"},\"inLanguage\":\"de\",\"potentialAction\":[{\"@type\":\"ReadAction\",\"target\":[\"https:\/\/www.korso.ch\/de\/theatre-lord-of-the-flies\/\"]}]},{\"@type\":\"ImageObject\",\"inLanguage\":\"de\",\"@id\":\"https:\/\/www.korso.ch\/de\/theatre-lord-of-the-flies\/#primaryimage\",\"url\":\"https:\/\/www.korso.ch\/wp-content\/uploads\/2026\/04\/lordsoffiles-1920x1080-1.jpg\",\"contentUrl\":\"https:\/\/www.korso.ch\/wp-content\/uploads\/2026\/04\/lordsoffiles-1920x1080-1.jpg\",\"width\":1920,\"height\":1080},{\"@type\":\"BreadcrumbList\",\"@id\":\"https:\/\/www.korso.ch\/de\/theatre-lord-of-the-flies\/#breadcrumb\",\"itemListElement\":[{\"@type\":\"ListItem\",\"position\":1,\"name\":\"Accueil\",\"item\":\"https:\/\/www.korso.ch\/de\/startseite\/\"},{\"@type\":\"ListItem\",\"position\":2,\"name\":\"Theater &#8211; Lord of the Flies\"}]},{\"@type\":\"WebSite\",\"@id\":\"https:\/\/www.korso.ch\/#website\",\"url\":\"https:\/\/www.korso.ch\/\",\"name\":\"Korso\",\"description\":\"Kino Bar Bier Korso\",\"publisher\":{\"@id\":\"https:\/\/www.korso.ch\/#organization\"},\"potentialAction\":[{\"@type\":\"SearchAction\",\"target\":{\"@type\":\"EntryPoint\",\"urlTemplate\":\"https:\/\/www.korso.ch\/?s={search_term_string}\"},\"query-input\":{\"@type\":\"PropertyValueSpecification\",\"valueRequired\":true,\"valueName\":\"search_term_string\"}}],\"inLanguage\":\"de\"},{\"@type\":\"Organization\",\"@id\":\"https:\/\/www.korso.ch\/#organization\",\"name\":\"Korso Kino Bar Bier\",\"alternateName\":\"Korso cin\u00e9ma fribourg\",\"url\":\"https:\/\/www.korso.ch\/\",\"logo\":{\"@type\":\"ImageObject\",\"inLanguage\":\"de\",\"@id\":\"https:\/\/www.korso.ch\/#\/schema\/logo\/image\/\",\"url\":\"https:\/\/www.korso.ch\/wp-content\/uploads\/2024\/02\/cropped-icone_web_korso.png\",\"contentUrl\":\"https:\/\/www.korso.ch\/wp-content\/uploads\/2024\/02\/cropped-icone_web_korso.png\",\"width\":512,\"height\":512,\"caption\":\"Korso Kino Bar Bier\"},\"image\":{\"@id\":\"https:\/\/www.korso.ch\/#\/schema\/logo\/image\/\"},\"sameAs\":[\"https:\/\/www.facebook.com\/korsokinobarbier\/\",\"https:\/\/www.instagram.com\/korso_kino_bar_bier\/\"]},{\"@type\":\"Person\",\"@id\":\"https:\/\/www.korso.ch\/#\/schema\/person\/ba3b916185072fa4488c1aba2de12bd4\",\"name\":\"Nell Klakla\",\"image\":{\"@type\":\"ImageObject\",\"inLanguage\":\"de\",\"@id\":\"https:\/\/www.korso.ch\/#\/schema\/person\/image\/\",\"url\":\"https:\/\/secure.gravatar.com\/avatar\/1ac029f7b24b94fbf1690441e0dcdac1020fe0149afa5c2cd69b500c86446f07?s=96&d=mm&r=g\",\"contentUrl\":\"https:\/\/secure.gravatar.com\/avatar\/1ac029f7b24b94fbf1690441e0dcdac1020fe0149afa5c2cd69b500c86446f07?s=96&d=mm&r=g\",\"caption\":\"Nell Klakla\"},\"sameAs\":[\"https:\/\/www.korso.ch\"],\"url\":\"https:\/\/www.korso.ch\/de\/author\/nell_korso\/\"}]}<\/script>\n<!-- \/ Yoast SEO plugin. -->","yoast_head_json":{"title":"Theater - Lord of the Flies - Korso","robots":{"index":"index","follow":"follow","max-snippet":"max-snippet:-1","max-image-preview":"max-image-preview:large","max-video-preview":"max-video-preview:-1"},"canonical":"https:\/\/www.korso.ch\/de\/theatre-lord-of-the-flies\/","og_locale":"de_DE","og_type":"article","og_title":"Theater - Lord of the Flies - Korso","og_description":"Donnerstag, 21. Mai und Freitag, 22. Mai um 19.00 Uhr Pr\u00e4sentation der Auff\u00fchrung der Tagesschule Sesam in D\u00fcdingen Neun Sch\u00fcler:innen der Tagesschule Sesam in D\u00fcdingen spielen mit jugendlicher Energie und beeindruckender Ausdrucksst\u00e4rke den Klassiker des Literaturnobelpreistr\u00e4gers William Golding. Was bleibt am Schluss in der Welt, wenn gegenseitige Achtung und sorgf\u00e4ltiger Umgang miteinander nichts mehr z\u00e4hlen?","og_site_name":"Korso","article_publisher":"https:\/\/www.facebook.com\/korsokinobarbier\/","article_published_time":"2026-04-30T09:31:19+00:00","article_modified_time":"2026-04-30T11:06:53+00:00","og_image":[{"width":1920,"height":1080,"url":"https:\/\/www.korso.ch\/wp-content\/uploads\/2026\/04\/lordsoffiles-1920x1080-1.jpg","type":"image\/jpeg"}],"author":"Nell Klakla","twitter_card":"summary_large_image","twitter_misc":{"Verfasst von":"Nell Klakla","Gesch\u00e4tzte Lesezeit":"1\u00a0Minute"},"schema":{"@context":"https:\/\/schema.org","@graph":[{"@type":"Article","@id":"https:\/\/www.korso.ch\/de\/theatre-lord-of-the-flies\/#article","isPartOf":{"@id":"https:\/\/www.korso.ch\/de\/theatre-lord-of-the-flies\/"},"author":{"name":"Nell Klakla","@id":"https:\/\/www.korso.ch\/#\/schema\/person\/ba3b916185072fa4488c1aba2de12bd4"},"headline":"Theater &#8211; Lord of the Flies","datePublished":"2026-04-30T09:31:19+00:00","dateModified":"2026-04-30T11:06:53+00:00","mainEntityOfPage":{"@id":"https:\/\/www.korso.ch\/de\/theatre-lord-of-the-flies\/"},"wordCount":6,"commentCount":0,"publisher":{"@id":"https:\/\/www.korso.ch\/#organization"},"image":{"@id":"https:\/\/www.korso.ch\/de\/theatre-lord-of-the-flies\/#primaryimage"},"thumbnailUrl":"https:\/\/www.korso.ch\/wp-content\/uploads\/2026\/04\/lordsoffiles-1920x1080-1.jpg","keywords":["90 Min., ab 10 Jahren, auf Deutsch"],"articleSection":["Avant-premi\u00e8re DE","Film DE"],"inLanguage":"de","potentialAction":[{"@type":"CommentAction","name":"Comment","target":["https:\/\/www.korso.ch\/de\/theatre-lord-of-the-flies\/#respond"]}]},{"@type":"WebPage","@id":"https:\/\/www.korso.ch\/de\/theatre-lord-of-the-flies\/","url":"https:\/\/www.korso.ch\/de\/theatre-lord-of-the-flies\/","name":"Theater - Lord of the Flies - Korso","isPartOf":{"@id":"https:\/\/www.korso.ch\/#website"},"primaryImageOfPage":{"@id":"https:\/\/www.korso.ch\/de\/theatre-lord-of-the-flies\/#primaryimage"},"image":{"@id":"https:\/\/www.korso.ch\/de\/theatre-lord-of-the-flies\/#primaryimage"},"thumbnailUrl":"https:\/\/www.korso.ch\/wp-content\/uploads\/2026\/04\/lordsoffiles-1920x1080-1.jpg","datePublished":"2026-04-30T09:31:19+00:00","dateModified":"2026-04-30T11:06:53+00:00","breadcrumb":{"@id":"https:\/\/www.korso.ch\/de\/theatre-lord-of-the-flies\/#breadcrumb"},"inLanguage":"de","potentialAction":[{"@type":"ReadAction","target":["https:\/\/www.korso.ch\/de\/theatre-lord-of-the-flies\/"]}]},{"@type":"ImageObject","inLanguage":"de","@id":"https:\/\/www.korso.ch\/de\/theatre-lord-of-the-flies\/#primaryimage","url":"https:\/\/www.korso.ch\/wp-content\/uploads\/2026\/04\/lordsoffiles-1920x1080-1.jpg","contentUrl":"https:\/\/www.korso.ch\/wp-content\/uploads\/2026\/04\/lordsoffiles-1920x1080-1.jpg","width":1920,"height":1080},{"@type":"BreadcrumbList","@id":"https:\/\/www.korso.ch\/de\/theatre-lord-of-the-flies\/#breadcrumb","itemListElement":[{"@type":"ListItem","position":1,"name":"Accueil","item":"https:\/\/www.korso.ch\/de\/startseite\/"},{"@type":"ListItem","position":2,"name":"Theater &#8211; Lord of the Flies"}]},{"@type":"WebSite","@id":"https:\/\/www.korso.ch\/#website","url":"https:\/\/www.korso.ch\/","name":"Korso","description":"Kino Bar Bier Korso","publisher":{"@id":"https:\/\/www.korso.ch\/#organization"},"potentialAction":[{"@type":"SearchAction","target":{"@type":"EntryPoint","urlTemplate":"https:\/\/www.korso.ch\/?s={search_term_string}"},"query-input":{"@type":"PropertyValueSpecification","valueRequired":true,"valueName":"search_term_string"}}],"inLanguage":"de"},{"@type":"Organization","@id":"https:\/\/www.korso.ch\/#organization","name":"Korso Kino Bar Bier","alternateName":"Korso cin\u00e9ma fribourg","url":"https:\/\/www.korso.ch\/","logo":{"@type":"ImageObject","inLanguage":"de","@id":"https:\/\/www.korso.ch\/#\/schema\/logo\/image\/","url":"https:\/\/www.korso.ch\/wp-content\/uploads\/2024\/02\/cropped-icone_web_korso.png","contentUrl":"https:\/\/www.korso.ch\/wp-content\/uploads\/2024\/02\/cropped-icone_web_korso.png","width":512,"height":512,"caption":"Korso Kino Bar Bier"},"image":{"@id":"https:\/\/www.korso.ch\/#\/schema\/logo\/image\/"},"sameAs":["https:\/\/www.facebook.com\/korsokinobarbier\/","https:\/\/www.instagram.com\/korso_kino_bar_bier\/"]},{"@type":"Person","@id":"https:\/\/www.korso.ch\/#\/schema\/person\/ba3b916185072fa4488c1aba2de12bd4","name":"Nell Klakla","image":{"@type":"ImageObject","inLanguage":"de","@id":"https:\/\/www.korso.ch\/#\/schema\/person\/image\/","url":"https:\/\/secure.gravatar.com\/avatar\/1ac029f7b24b94fbf1690441e0dcdac1020fe0149afa5c2cd69b500c86446f07?s=96&d=mm&r=g","contentUrl":"https:\/\/secure.gravatar.com\/avatar\/1ac029f7b24b94fbf1690441e0dcdac1020fe0149afa5c2cd69b500c86446f07?s=96&d=mm&r=g","caption":"Nell Klakla"},"sameAs":["https:\/\/www.korso.ch"],"url":"https:\/\/www.korso.ch\/de\/author\/nell_korso\/"}]}},"_links":{"self":[{"href":"https:\/\/www.korso.ch\/de\/wp-json\/wp\/v2\/posts\/51159","targetHints":{"allow":["GET"]}}],"collection":[{"href":"https:\/\/www.korso.ch\/de\/wp-json\/wp\/v2\/posts"}],"about":[{"href":"https:\/\/www.korso.ch\/de\/wp-json\/wp\/v2\/types\/post"}],"author":[{"embeddable":true,"href":"https:\/\/www.korso.ch\/de\/wp-json\/wp\/v2\/users\/11"}],"replies":[{"embeddable":true,"href":"https:\/\/www.korso.ch\/de\/wp-json\/wp\/v2\/comments?post=51159"}],"version-history":[{"count":4,"href":"https:\/\/www.korso.ch\/de\/wp-json\/wp\/v2\/posts\/51159\/revisions"}],"predecessor-version":[{"id":51189,"href":"https:\/\/www.korso.ch\/de\/wp-json\/wp\/v2\/posts\/51159\/revisions\/51189"}],"wp:featuredmedia":[{"embeddable":true,"href":"https:\/\/www.korso.ch\/de\/wp-json\/wp\/v2\/media\/51131"}],"wp:attachment":[{"href":"https:\/\/www.korso.ch\/de\/wp-json\/wp\/v2\/media?parent=51159"}],"wp:term":[{"taxonomy":"category","embeddable":true,"href":"https:\/\/www.korso.ch\/de\/wp-json\/wp\/v2\/categories?post=51159"},{"taxonomy":"post_tag","embeddable":true,"href":"https:\/\/www.korso.ch\/de\/wp-json\/wp\/v2\/tags?post=51159"}],"curies":[{"name":"wp","href":"https:\/\/api.w.org\/{rel}","templated":true}]}}