{"id":51194,"date":"2026-04-30T13:18:16","date_gmt":"2026-04-30T11:18:16","guid":{"rendered":"https:\/\/www.korso.ch\/interstellar\/"},"modified":"2026-04-30T13:23:14","modified_gmt":"2026-04-30T11:23:14","slug":"interstellar","status":"publish","type":"post","link":"https:\/\/www.korso.ch\/de\/interstellar\/","title":{"rendered":"Interstellar"},"content":{"rendered":"","protected":false},"excerpt":{"rendered":"<p><strong>Mittwoch, 10. Juni, 20.30 Uhr<\/strong><\/p>\n<p>Mit <a href=\"https:\/\/www.theoneswelove.ch\/\" target=\"_blank\">THE ONES WE LOVE<\/a> w\u00e4hlen Sie selbst Ihre Lieblingsfilme, um sie (wieder) auf der gro\u00dfen Leinwand zu sehen! <\/p>\n<p>Der Film erz\u00e4hlt die Abenteuer einer Gruppe von Forschern, die einen neu entdeckten Riss in der Raumzeit nutzen, um die menschlichen Grenzen zu \u00fcberschreiten und astronomische Entfernungen auf einer interstellaren Reise zu \u00fcberwinden&#8230;<\/p>\n","protected":false},"author":11,"featured_media":51147,"comment_status":"open","ping_status":"open","sticky":false,"template":"","format":"standard","meta":{"_acf_changed":false,"_et_pb_use_builder":"","_et_pb_old_content":"","_et_gb_content_width":"","footnotes":""},"categories":[41,40],"tags":[6174],"class_list":["post-51194","post","type-post","status-publish","format-standard","has-post-thumbnail","hentry","category-premiere-de","category-film-de","tag-us-2014-ov-df-169-min-ab-12-jahren"],"acf":[],"yoast_head":"<!-- This site is optimized with the Yoast SEO plugin v26.4 - https:\/\/yoast.com\/wordpress\/plugins\/seo\/ -->\n<title>Interstellar - Korso<\/title>\n<meta name=\"robots\" content=\"index, follow, max-snippet:-1, max-image-preview:large, max-video-preview:-1\" \/>\n<link rel=\"canonical\" href=\"https:\/\/www.korso.ch\/de\/interstellar\/\" \/>\n<meta property=\"og:locale\" content=\"de_DE\" \/>\n<meta property=\"og:type\" content=\"article\" \/>\n<meta property=\"og:title\" content=\"Interstellar - Korso\" \/>\n<meta property=\"og:description\" content=\"Mittwoch, 10. Juni, 20.30 Uhr Mit THE ONES WE LOVE w\u00e4hlen Sie selbst Ihre Lieblingsfilme, um sie (wieder) auf der gro\u00dfen Leinwand zu sehen!  Der Film erz\u00e4hlt die Abenteuer einer Gruppe von Forschern, die einen neu entdeckten Riss in der Raumzeit nutzen, um die menschlichen Grenzen zu \u00fcberschreiten und astronomische Entfernungen auf einer interstellaren Reise zu \u00fcberwinden...\" \/>\n<meta property=\"og:site_name\" content=\"Korso\" \/>\n<meta property=\"article:publisher\" content=\"https:\/\/www.facebook.com\/korsokinobarbier\/\" \/>\n<meta property=\"article:published_time\" content=\"2026-04-30T11:18:16+00:00\" \/>\n<meta property=\"article:modified_time\" content=\"2026-04-30T11:23:14+00:00\" \/>\n<meta property=\"og:image\" content=\"https:\/\/www.korso.ch\/wp-content\/uploads\/2026\/04\/interstellar-1920x1080-1.jpg\" \/>\n\t<meta property=\"og:image:width\" content=\"1920\" \/>\n\t<meta property=\"og:image:height\" content=\"1080\" \/>\n\t<meta property=\"og:image:type\" content=\"image\/jpeg\" \/>\n<meta name=\"author\" content=\"Nell Klakla\" \/>\n<meta name=\"twitter:card\" content=\"summary_large_image\" \/>\n<meta name=\"twitter:label1\" content=\"Verfasst von\" \/>\n\t<meta name=\"twitter:data1\" content=\"Nell Klakla\" \/>\n\t<meta name=\"twitter:label2\" content=\"Gesch\u00e4tzte Lesezeit\" \/>\n\t<meta name=\"twitter:data2\" content=\"1\u00a0Minute\" \/>\n<script type=\"application\/ld+json\" class=\"yoast-schema-graph\">{\"@context\":\"https:\/\/schema.org\",\"@graph\":[{\"@type\":\"Article\",\"@id\":\"https:\/\/www.korso.ch\/de\/interstellar\/#article\",\"isPartOf\":{\"@id\":\"https:\/\/www.korso.ch\/de\/interstellar\/\"},\"author\":{\"name\":\"Nell Klakla\",\"@id\":\"https:\/\/www.korso.ch\/#\/schema\/person\/ba3b916185072fa4488c1aba2de12bd4\"},\"headline\":\"Interstellar\",\"datePublished\":\"2026-04-30T11:18:16+00:00\",\"dateModified\":\"2026-04-30T11:23:14+00:00\",\"mainEntityOfPage\":{\"@id\":\"https:\/\/www.korso.ch\/de\/interstellar\/\"},\"wordCount\":1,\"commentCount\":0,\"publisher\":{\"@id\":\"https:\/\/www.korso.ch\/#organization\"},\"image\":{\"@id\":\"https:\/\/www.korso.ch\/de\/interstellar\/#primaryimage\"},\"thumbnailUrl\":\"https:\/\/www.korso.ch\/wp-content\/uploads\/2026\/04\/interstellar-1920x1080-1.jpg\",\"keywords\":[\"US, 2014, OV\/df, 169 min, ab 12 Jahren\"],\"articleSection\":[\"Avant-premi\u00e8re DE\",\"Film DE\"],\"inLanguage\":\"de\",\"potentialAction\":[{\"@type\":\"CommentAction\",\"name\":\"Comment\",\"target\":[\"https:\/\/www.korso.ch\/de\/interstellar\/#respond\"]}]},{\"@type\":\"WebPage\",\"@id\":\"https:\/\/www.korso.ch\/de\/interstellar\/\",\"url\":\"https:\/\/www.korso.ch\/de\/interstellar\/\",\"name\":\"Interstellar - Korso\",\"isPartOf\":{\"@id\":\"https:\/\/www.korso.ch\/#website\"},\"primaryImageOfPage\":{\"@id\":\"https:\/\/www.korso.ch\/de\/interstellar\/#primaryimage\"},\"image\":{\"@id\":\"https:\/\/www.korso.ch\/de\/interstellar\/#primaryimage\"},\"thumbnailUrl\":\"https:\/\/www.korso.ch\/wp-content\/uploads\/2026\/04\/interstellar-1920x1080-1.jpg\",\"datePublished\":\"2026-04-30T11:18:16+00:00\",\"dateModified\":\"2026-04-30T11:23:14+00:00\",\"breadcrumb\":{\"@id\":\"https:\/\/www.korso.ch\/de\/interstellar\/#breadcrumb\"},\"inLanguage\":\"de\",\"potentialAction\":[{\"@type\":\"ReadAction\",\"target\":[\"https:\/\/www.korso.ch\/de\/interstellar\/\"]}]},{\"@type\":\"ImageObject\",\"inLanguage\":\"de\",\"@id\":\"https:\/\/www.korso.ch\/de\/interstellar\/#primaryimage\",\"url\":\"https:\/\/www.korso.ch\/wp-content\/uploads\/2026\/04\/interstellar-1920x1080-1.jpg\",\"contentUrl\":\"https:\/\/www.korso.ch\/wp-content\/uploads\/2026\/04\/interstellar-1920x1080-1.jpg\",\"width\":1920,\"height\":1080},{\"@type\":\"BreadcrumbList\",\"@id\":\"https:\/\/www.korso.ch\/de\/interstellar\/#breadcrumb\",\"itemListElement\":[{\"@type\":\"ListItem\",\"position\":1,\"name\":\"Accueil\",\"item\":\"https:\/\/www.korso.ch\/de\/startseite\/\"},{\"@type\":\"ListItem\",\"position\":2,\"name\":\"Interstellar\"}]},{\"@type\":\"WebSite\",\"@id\":\"https:\/\/www.korso.ch\/#website\",\"url\":\"https:\/\/www.korso.ch\/\",\"name\":\"Korso\",\"description\":\"Kino Bar Bier Korso\",\"publisher\":{\"@id\":\"https:\/\/www.korso.ch\/#organization\"},\"potentialAction\":[{\"@type\":\"SearchAction\",\"target\":{\"@type\":\"EntryPoint\",\"urlTemplate\":\"https:\/\/www.korso.ch\/?s={search_term_string}\"},\"query-input\":{\"@type\":\"PropertyValueSpecification\",\"valueRequired\":true,\"valueName\":\"search_term_string\"}}],\"inLanguage\":\"de\"},{\"@type\":\"Organization\",\"@id\":\"https:\/\/www.korso.ch\/#organization\",\"name\":\"Korso Kino Bar Bier\",\"alternateName\":\"Korso cin\u00e9ma fribourg\",\"url\":\"https:\/\/www.korso.ch\/\",\"logo\":{\"@type\":\"ImageObject\",\"inLanguage\":\"de\",\"@id\":\"https:\/\/www.korso.ch\/#\/schema\/logo\/image\/\",\"url\":\"https:\/\/www.korso.ch\/wp-content\/uploads\/2024\/02\/cropped-icone_web_korso.png\",\"contentUrl\":\"https:\/\/www.korso.ch\/wp-content\/uploads\/2024\/02\/cropped-icone_web_korso.png\",\"width\":512,\"height\":512,\"caption\":\"Korso Kino Bar Bier\"},\"image\":{\"@id\":\"https:\/\/www.korso.ch\/#\/schema\/logo\/image\/\"},\"sameAs\":[\"https:\/\/www.facebook.com\/korsokinobarbier\/\",\"https:\/\/www.instagram.com\/korso_kino_bar_bier\/\"]},{\"@type\":\"Person\",\"@id\":\"https:\/\/www.korso.ch\/#\/schema\/person\/ba3b916185072fa4488c1aba2de12bd4\",\"name\":\"Nell Klakla\",\"image\":{\"@type\":\"ImageObject\",\"inLanguage\":\"de\",\"@id\":\"https:\/\/www.korso.ch\/#\/schema\/person\/image\/\",\"url\":\"https:\/\/secure.gravatar.com\/avatar\/1ac029f7b24b94fbf1690441e0dcdac1020fe0149afa5c2cd69b500c86446f07?s=96&d=mm&r=g\",\"contentUrl\":\"https:\/\/secure.gravatar.com\/avatar\/1ac029f7b24b94fbf1690441e0dcdac1020fe0149afa5c2cd69b500c86446f07?s=96&d=mm&r=g\",\"caption\":\"Nell Klakla\"},\"sameAs\":[\"https:\/\/www.korso.ch\"],\"url\":\"https:\/\/www.korso.ch\/de\/author\/nell_korso\/\"}]}<\/script>\n<!-- \/ Yoast SEO plugin. -->","yoast_head_json":{"title":"Interstellar - Korso","robots":{"index":"index","follow":"follow","max-snippet":"max-snippet:-1","max-image-preview":"max-image-preview:large","max-video-preview":"max-video-preview:-1"},"canonical":"https:\/\/www.korso.ch\/de\/interstellar\/","og_locale":"de_DE","og_type":"article","og_title":"Interstellar - Korso","og_description":"Mittwoch, 10. Juni, 20.30 Uhr Mit THE ONES WE LOVE w\u00e4hlen Sie selbst Ihre Lieblingsfilme, um sie (wieder) auf der gro\u00dfen Leinwand zu sehen!  Der Film erz\u00e4hlt die Abenteuer einer Gruppe von Forschern, die einen neu entdeckten Riss in der Raumzeit nutzen, um die menschlichen Grenzen zu \u00fcberschreiten und astronomische Entfernungen auf einer interstellaren Reise zu \u00fcberwinden...","og_site_name":"Korso","article_publisher":"https:\/\/www.facebook.com\/korsokinobarbier\/","article_published_time":"2026-04-30T11:18:16+00:00","article_modified_time":"2026-04-30T11:23:14+00:00","og_image":[{"width":1920,"height":1080,"url":"https:\/\/www.korso.ch\/wp-content\/uploads\/2026\/04\/interstellar-1920x1080-1.jpg","type":"image\/jpeg"}],"author":"Nell Klakla","twitter_card":"summary_large_image","twitter_misc":{"Verfasst von":"Nell Klakla","Gesch\u00e4tzte Lesezeit":"1\u00a0Minute"},"schema":{"@context":"https:\/\/schema.org","@graph":[{"@type":"Article","@id":"https:\/\/www.korso.ch\/de\/interstellar\/#article","isPartOf":{"@id":"https:\/\/www.korso.ch\/de\/interstellar\/"},"author":{"name":"Nell Klakla","@id":"https:\/\/www.korso.ch\/#\/schema\/person\/ba3b916185072fa4488c1aba2de12bd4"},"headline":"Interstellar","datePublished":"2026-04-30T11:18:16+00:00","dateModified":"2026-04-30T11:23:14+00:00","mainEntityOfPage":{"@id":"https:\/\/www.korso.ch\/de\/interstellar\/"},"wordCount":1,"commentCount":0,"publisher":{"@id":"https:\/\/www.korso.ch\/#organization"},"image":{"@id":"https:\/\/www.korso.ch\/de\/interstellar\/#primaryimage"},"thumbnailUrl":"https:\/\/www.korso.ch\/wp-content\/uploads\/2026\/04\/interstellar-1920x1080-1.jpg","keywords":["US, 2014, OV\/df, 169 min, ab 12 Jahren"],"articleSection":["Avant-premi\u00e8re DE","Film DE"],"inLanguage":"de","potentialAction":[{"@type":"CommentAction","name":"Comment","target":["https:\/\/www.korso.ch\/de\/interstellar\/#respond"]}]},{"@type":"WebPage","@id":"https:\/\/www.korso.ch\/de\/interstellar\/","url":"https:\/\/www.korso.ch\/de\/interstellar\/","name":"Interstellar - Korso","isPartOf":{"@id":"https:\/\/www.korso.ch\/#website"},"primaryImageOfPage":{"@id":"https:\/\/www.korso.ch\/de\/interstellar\/#primaryimage"},"image":{"@id":"https:\/\/www.korso.ch\/de\/interstellar\/#primaryimage"},"thumbnailUrl":"https:\/\/www.korso.ch\/wp-content\/uploads\/2026\/04\/interstellar-1920x1080-1.jpg","datePublished":"2026-04-30T11:18:16+00:00","dateModified":"2026-04-30T11:23:14+00:00","breadcrumb":{"@id":"https:\/\/www.korso.ch\/de\/interstellar\/#breadcrumb"},"inLanguage":"de","potentialAction":[{"@type":"ReadAction","target":["https:\/\/www.korso.ch\/de\/interstellar\/"]}]},{"@type":"ImageObject","inLanguage":"de","@id":"https:\/\/www.korso.ch\/de\/interstellar\/#primaryimage","url":"https:\/\/www.korso.ch\/wp-content\/uploads\/2026\/04\/interstellar-1920x1080-1.jpg","contentUrl":"https:\/\/www.korso.ch\/wp-content\/uploads\/2026\/04\/interstellar-1920x1080-1.jpg","width":1920,"height":1080},{"@type":"BreadcrumbList","@id":"https:\/\/www.korso.ch\/de\/interstellar\/#breadcrumb","itemListElement":[{"@type":"ListItem","position":1,"name":"Accueil","item":"https:\/\/www.korso.ch\/de\/startseite\/"},{"@type":"ListItem","position":2,"name":"Interstellar"}]},{"@type":"WebSite","@id":"https:\/\/www.korso.ch\/#website","url":"https:\/\/www.korso.ch\/","name":"Korso","description":"Kino Bar Bier Korso","publisher":{"@id":"https:\/\/www.korso.ch\/#organization"},"potentialAction":[{"@type":"SearchAction","target":{"@type":"EntryPoint","urlTemplate":"https:\/\/www.korso.ch\/?s={search_term_string}"},"query-input":{"@type":"PropertyValueSpecification","valueRequired":true,"valueName":"search_term_string"}}],"inLanguage":"de"},{"@type":"Organization","@id":"https:\/\/www.korso.ch\/#organization","name":"Korso Kino Bar Bier","alternateName":"Korso cin\u00e9ma fribourg","url":"https:\/\/www.korso.ch\/","logo":{"@type":"ImageObject","inLanguage":"de","@id":"https:\/\/www.korso.ch\/#\/schema\/logo\/image\/","url":"https:\/\/www.korso.ch\/wp-content\/uploads\/2024\/02\/cropped-icone_web_korso.png","contentUrl":"https:\/\/www.korso.ch\/wp-content\/uploads\/2024\/02\/cropped-icone_web_korso.png","width":512,"height":512,"caption":"Korso Kino Bar Bier"},"image":{"@id":"https:\/\/www.korso.ch\/#\/schema\/logo\/image\/"},"sameAs":["https:\/\/www.facebook.com\/korsokinobarbier\/","https:\/\/www.instagram.com\/korso_kino_bar_bier\/"]},{"@type":"Person","@id":"https:\/\/www.korso.ch\/#\/schema\/person\/ba3b916185072fa4488c1aba2de12bd4","name":"Nell Klakla","image":{"@type":"ImageObject","inLanguage":"de","@id":"https:\/\/www.korso.ch\/#\/schema\/person\/image\/","url":"https:\/\/secure.gravatar.com\/avatar\/1ac029f7b24b94fbf1690441e0dcdac1020fe0149afa5c2cd69b500c86446f07?s=96&d=mm&r=g","contentUrl":"https:\/\/secure.gravatar.com\/avatar\/1ac029f7b24b94fbf1690441e0dcdac1020fe0149afa5c2cd69b500c86446f07?s=96&d=mm&r=g","caption":"Nell Klakla"},"sameAs":["https:\/\/www.korso.ch"],"url":"https:\/\/www.korso.ch\/de\/author\/nell_korso\/"}]}},"_links":{"self":[{"href":"https:\/\/www.korso.ch\/de\/wp-json\/wp\/v2\/posts\/51194","targetHints":{"allow":["GET"]}}],"collection":[{"href":"https:\/\/www.korso.ch\/de\/wp-json\/wp\/v2\/posts"}],"about":[{"href":"https:\/\/www.korso.ch\/de\/wp-json\/wp\/v2\/types\/post"}],"author":[{"embeddable":true,"href":"https:\/\/www.korso.ch\/de\/wp-json\/wp\/v2\/users\/11"}],"replies":[{"embeddable":true,"href":"https:\/\/www.korso.ch\/de\/wp-json\/wp\/v2\/comments?post=51194"}],"version-history":[{"count":1,"href":"https:\/\/www.korso.ch\/de\/wp-json\/wp\/v2\/posts\/51194\/revisions"}],"predecessor-version":[{"id":51195,"href":"https:\/\/www.korso.ch\/de\/wp-json\/wp\/v2\/posts\/51194\/revisions\/51195"}],"wp:featuredmedia":[{"embeddable":true,"href":"https:\/\/www.korso.ch\/de\/wp-json\/wp\/v2\/media\/51147"}],"wp:attachment":[{"href":"https:\/\/www.korso.ch\/de\/wp-json\/wp\/v2\/media?parent=51194"}],"wp:term":[{"taxonomy":"category","embeddable":true,"href":"https:\/\/www.korso.ch\/de\/wp-json\/wp\/v2\/categories?post=51194"},{"taxonomy":"post_tag","embeddable":true,"href":"https:\/\/www.korso.ch\/de\/wp-json\/wp\/v2\/tags?post=51194"}],"curies":[{"name":"wp","href":"https:\/\/api.w.org\/{rel}","templated":true}]}}