{"id":53078,"date":"2026-08-31T13:58:47","date_gmt":"2026-08-31T11:58:47","guid":{"rendered":"https:\/\/www.korso.ch\/trafic-au-musee\/"},"modified":"2026-08-31T15:12:26","modified_gmt":"2026-08-31T13:12:26","slug":"trafic-au-musee","status":"publish","type":"post","link":"https:\/\/www.korso.ch\/de\/trafic-au-musee\/","title":{"rendered":"Trafic au mus\u00e9e"},"content":{"rendered":"","protected":false},"excerpt":{"rendered":"<p><strong>Dienstag, 22. September, um 18 Uhr<\/strong><\/p>\n<p>Gestohlene Kunstwerke. Ein krimineller Handel von kolossalem Ausma\u00df, der nach dem Drogenhandel an zweiter Stelle steht. Weniger bekannt ist jedoch die Rolle, die Museen und Privatsammlungen dabei gespielt haben, da sie diesen Handel in den Jahren der Pl\u00fcnderungen indirekt finanziert haben. Der Film \u201eTrafic au mus\u00e9e\u201c beleuchtet dieses besondere Thema, das niemanden gleichg\u00fcltig l\u00e4sst.    <br \/>Christophe Goumand, Direktor des FIFAN, wird den Film vorstellen. Im Anschluss an die Vorf\u00fchrung findet eine Diskussion statt, und der Abend endet mit einem Aperitif.  <br \/>Freier Eintritt. <\/p>\n","protected":false},"author":8,"featured_media":53075,"comment_status":"open","ping_status":"open","sticky":false,"template":"","format":"standard","meta":{"_acf_changed":false,"_et_pb_use_builder":"","_et_pb_old_content":"","_et_gb_content_width":"","footnotes":""},"categories":[41,40],"tags":[7063],"class_list":["post-53078","post","type-post","status-publish","format-standard","has-post-thumbnail","hentry","category-premiere-de","category-film-de","tag-italie-2011-vf-52-min"],"acf":[],"yoast_head":"<!-- This site is optimized with the Yoast SEO plugin v28.3 - https:\/\/yoast.com\/product\/yoast-seo-wordpress\/ -->\n<title>Trafic au mus\u00e9e - Korso<\/title>\n<meta name=\"robots\" content=\"index, follow, max-snippet:-1, max-image-preview:large, max-video-preview:-1\" \/>\n<link rel=\"canonical\" href=\"https:\/\/www.korso.ch\/de\/trafic-au-musee\/\" \/>\n<meta property=\"og:locale\" content=\"de_DE\" \/>\n<meta property=\"og:type\" content=\"article\" \/>\n<meta property=\"og:title\" content=\"Trafic au mus\u00e9e - Korso\" \/>\n<meta property=\"og:description\" content=\"Dienstag, 22. September, um 18 UhrGestohlene Kunstwerke. Ein krimineller Handel von kolossalem Ausma\u00df, der nach dem Drogenhandel an zweiter Stelle steht. Weniger bekannt ist jedoch die Rolle, die Museen und Privatsammlungen dabei gespielt haben, da sie diesen Handel in den Jahren der Pl\u00fcnderungen indirekt finanziert haben. Der Film \u201eTrafic au mus\u00e9e\u201c beleuchtet dieses besondere Thema, das niemanden gleichg\u00fcltig l\u00e4sst.  Christophe Goumand, Direktor des FIFAN, wird den Film vorstellen. Im Anschluss an die Vorf\u00fchrung findet eine Diskussion statt, und der Abend endet mit einem Aperitif. Freier Eintritt.\" \/>\n<meta property=\"og:site_name\" content=\"Korso\" \/>\n<meta property=\"article:publisher\" content=\"https:\/\/www.facebook.com\/korsokinobarbier\/\" \/>\n<meta property=\"article:published_time\" content=\"2026-08-31T11:58:47+00:00\" \/>\n<meta property=\"article:modified_time\" content=\"2026-08-31T13:12:26+00:00\" \/>\n<meta property=\"og:image\" content=\"https:\/\/www.korso.ch\/wp-content\/uploads\/2026\/08\/Sans-titre.jpg\" \/>\n\t<meta property=\"og:image:width\" content=\"1390\" \/>\n\t<meta property=\"og:image:height\" content=\"785\" \/>\n\t<meta property=\"og:image:type\" content=\"image\/jpeg\" \/>\n<meta name=\"author\" content=\"Sebastiano\" \/>\n<meta name=\"twitter:card\" content=\"summary_large_image\" \/>\n<meta name=\"twitter:label1\" content=\"Verfasst von\" \/>\n\t<meta name=\"twitter:data1\" content=\"Sebastiano\" \/>\n\t<meta name=\"twitter:label2\" content=\"Gesch\u00e4tzte Lesezeit\" \/>\n\t<meta name=\"twitter:data2\" content=\"1\u00a0Minute\" \/>\n<script type=\"application\/ld+json\" class=\"yoast-schema-graph\">{\"@context\":\"https:\\\/\\\/schema.org\",\"@graph\":[{\"@type\":\"Article\",\"@id\":\"https:\\\/\\\/www.korso.ch\\\/de\\\/trafic-au-musee\\\/#article\",\"isPartOf\":{\"@id\":\"https:\\\/\\\/www.korso.ch\\\/de\\\/trafic-au-musee\\\/\"},\"author\":{\"name\":\"Sebastiano\",\"@id\":\"https:\\\/\\\/www.korso.ch\\\/#\\\/schema\\\/person\\\/f61a01c59c50efb406747224a404e519\"},\"headline\":\"Trafic au mus\u00e9e\",\"datePublished\":\"2026-08-31T11:58:47+00:00\",\"dateModified\":\"2026-08-31T13:12:26+00:00\",\"mainEntityOfPage\":{\"@id\":\"https:\\\/\\\/www.korso.ch\\\/de\\\/trafic-au-musee\\\/\"},\"wordCount\":4,\"commentCount\":0,\"publisher\":{\"@id\":\"https:\\\/\\\/www.korso.ch\\\/#organization\"},\"image\":{\"@id\":\"https:\\\/\\\/www.korso.ch\\\/de\\\/trafic-au-musee\\\/#primaryimage\"},\"thumbnailUrl\":\"https:\\\/\\\/www.korso.ch\\\/wp-content\\\/uploads\\\/2026\\\/08\\\/Sans-titre.jpg\",\"keywords\":[\"Italie, 2011, VF, 52 min\"],\"articleSection\":[\"Avant-premi\u00e8re DE\",\"Film DE\"],\"inLanguage\":\"de\",\"potentialAction\":[{\"@type\":\"CommentAction\",\"name\":\"Comment\",\"target\":[\"https:\\\/\\\/www.korso.ch\\\/de\\\/trafic-au-musee\\\/#respond\"]}]},{\"@type\":\"WebPage\",\"@id\":\"https:\\\/\\\/www.korso.ch\\\/de\\\/trafic-au-musee\\\/\",\"url\":\"https:\\\/\\\/www.korso.ch\\\/de\\\/trafic-au-musee\\\/\",\"name\":\"Trafic au mus\u00e9e - Korso\",\"isPartOf\":{\"@id\":\"https:\\\/\\\/www.korso.ch\\\/#website\"},\"primaryImageOfPage\":{\"@id\":\"https:\\\/\\\/www.korso.ch\\\/de\\\/trafic-au-musee\\\/#primaryimage\"},\"image\":{\"@id\":\"https:\\\/\\\/www.korso.ch\\\/de\\\/trafic-au-musee\\\/#primaryimage\"},\"thumbnailUrl\":\"https:\\\/\\\/www.korso.ch\\\/wp-content\\\/uploads\\\/2026\\\/08\\\/Sans-titre.jpg\",\"datePublished\":\"2026-08-31T11:58:47+00:00\",\"dateModified\":\"2026-08-31T13:12:26+00:00\",\"breadcrumb\":{\"@id\":\"https:\\\/\\\/www.korso.ch\\\/de\\\/trafic-au-musee\\\/#breadcrumb\"},\"inLanguage\":\"de\",\"potentialAction\":[{\"@type\":\"ReadAction\",\"target\":[\"https:\\\/\\\/www.korso.ch\\\/de\\\/trafic-au-musee\\\/\"]}]},{\"@type\":\"ImageObject\",\"inLanguage\":\"de\",\"@id\":\"https:\\\/\\\/www.korso.ch\\\/de\\\/trafic-au-musee\\\/#primaryimage\",\"url\":\"https:\\\/\\\/www.korso.ch\\\/wp-content\\\/uploads\\\/2026\\\/08\\\/Sans-titre.jpg\",\"contentUrl\":\"https:\\\/\\\/www.korso.ch\\\/wp-content\\\/uploads\\\/2026\\\/08\\\/Sans-titre.jpg\",\"width\":1390,\"height\":785},{\"@type\":\"BreadcrumbList\",\"@id\":\"https:\\\/\\\/www.korso.ch\\\/de\\\/trafic-au-musee\\\/#breadcrumb\",\"itemListElement\":[{\"@type\":\"ListItem\",\"position\":1,\"name\":\"Accueil\",\"item\":\"https:\\\/\\\/www.korso.ch\\\/de\\\/startseite\\\/\"},{\"@type\":\"ListItem\",\"position\":2,\"name\":\"Trafic au mus\u00e9e\"}]},{\"@type\":\"WebSite\",\"@id\":\"https:\\\/\\\/www.korso.ch\\\/#website\",\"url\":\"https:\\\/\\\/www.korso.ch\\\/\",\"name\":\"Korso\",\"description\":\"Kino Bar Bier Korso\",\"publisher\":{\"@id\":\"https:\\\/\\\/www.korso.ch\\\/#organization\"},\"potentialAction\":[{\"@type\":\"SearchAction\",\"target\":{\"@type\":\"EntryPoint\",\"urlTemplate\":\"https:\\\/\\\/www.korso.ch\\\/?s={search_term_string}\"},\"query-input\":{\"@type\":\"PropertyValueSpecification\",\"valueRequired\":true,\"valueName\":\"search_term_string\"}}],\"inLanguage\":\"de\"},{\"@type\":\"Organization\",\"@id\":\"https:\\\/\\\/www.korso.ch\\\/#organization\",\"name\":\"Korso Kino Bar Bier\",\"alternateName\":\"Korso cin\u00e9ma fribourg\",\"url\":\"https:\\\/\\\/www.korso.ch\\\/\",\"logo\":{\"@type\":\"ImageObject\",\"inLanguage\":\"de\",\"@id\":\"https:\\\/\\\/www.korso.ch\\\/#\\\/schema\\\/logo\\\/image\\\/\",\"url\":\"https:\\\/\\\/www.korso.ch\\\/wp-content\\\/uploads\\\/2024\\\/02\\\/cropped-icone_web_korso.png\",\"contentUrl\":\"https:\\\/\\\/www.korso.ch\\\/wp-content\\\/uploads\\\/2024\\\/02\\\/cropped-icone_web_korso.png\",\"width\":512,\"height\":512,\"caption\":\"Korso Kino Bar Bier\"},\"image\":{\"@id\":\"https:\\\/\\\/www.korso.ch\\\/#\\\/schema\\\/logo\\\/image\\\/\"},\"sameAs\":[\"https:\\\/\\\/www.facebook.com\\\/korsokinobarbier\\\/\",\"https:\\\/\\\/www.instagram.com\\\/korso_kino_bar_bier\\\/\"]},{\"@type\":\"Person\",\"@id\":\"https:\\\/\\\/www.korso.ch\\\/#\\\/schema\\\/person\\\/f61a01c59c50efb406747224a404e519\",\"name\":\"Sebastiano\",\"image\":{\"@type\":\"ImageObject\",\"inLanguage\":\"de\",\"@id\":\"https:\\\/\\\/secure.gravatar.com\\\/avatar\\\/4654c6a087b6e374dd44cd9f299f1b6708ad74be9c9fb53491a4e720d52c44e9?s=96&d=mm&r=g\",\"url\":\"https:\\\/\\\/secure.gravatar.com\\\/avatar\\\/4654c6a087b6e374dd44cd9f299f1b6708ad74be9c9fb53491a4e720d52c44e9?s=96&d=mm&r=g\",\"contentUrl\":\"https:\\\/\\\/secure.gravatar.com\\\/avatar\\\/4654c6a087b6e374dd44cd9f299f1b6708ad74be9c9fb53491a4e720d52c44e9?s=96&d=mm&r=g\",\"caption\":\"Sebastiano\"},\"url\":\"https:\\\/\\\/www.korso.ch\\\/de\\\/author\\\/sebastiano\\\/\"}]}<\/script>\n<!-- \/ Yoast SEO plugin. -->","yoast_head_json":{"title":"Trafic au mus\u00e9e - Korso","robots":{"index":"index","follow":"follow","max-snippet":"max-snippet:-1","max-image-preview":"max-image-preview:large","max-video-preview":"max-video-preview:-1"},"canonical":"https:\/\/www.korso.ch\/de\/trafic-au-musee\/","og_locale":"de_DE","og_type":"article","og_title":"Trafic au mus\u00e9e - Korso","og_description":"Dienstag, 22. September, um 18 UhrGestohlene Kunstwerke. Ein krimineller Handel von kolossalem Ausma\u00df, der nach dem Drogenhandel an zweiter Stelle steht. Weniger bekannt ist jedoch die Rolle, die Museen und Privatsammlungen dabei gespielt haben, da sie diesen Handel in den Jahren der Pl\u00fcnderungen indirekt finanziert haben. Der Film \u201eTrafic au mus\u00e9e\u201c beleuchtet dieses besondere Thema, das niemanden gleichg\u00fcltig l\u00e4sst.  Christophe Goumand, Direktor des FIFAN, wird den Film vorstellen. Im Anschluss an die Vorf\u00fchrung findet eine Diskussion statt, und der Abend endet mit einem Aperitif. Freier Eintritt.","og_site_name":"Korso","article_publisher":"https:\/\/www.facebook.com\/korsokinobarbier\/","article_published_time":"2026-08-31T11:58:47+00:00","article_modified_time":"2026-08-31T13:12:26+00:00","og_image":[{"width":1390,"height":785,"url":"https:\/\/www.korso.ch\/wp-content\/uploads\/2026\/08\/Sans-titre.jpg","type":"image\/jpeg"}],"author":"Sebastiano","twitter_card":"summary_large_image","twitter_misc":{"Verfasst von":"Sebastiano","Gesch\u00e4tzte Lesezeit":"1\u00a0Minute"},"schema":{"@context":"https:\/\/schema.org","@graph":[{"@type":"Article","@id":"https:\/\/www.korso.ch\/de\/trafic-au-musee\/#article","isPartOf":{"@id":"https:\/\/www.korso.ch\/de\/trafic-au-musee\/"},"author":{"name":"Sebastiano","@id":"https:\/\/www.korso.ch\/#\/schema\/person\/f61a01c59c50efb406747224a404e519"},"headline":"Trafic au mus\u00e9e","datePublished":"2026-08-31T11:58:47+00:00","dateModified":"2026-08-31T13:12:26+00:00","mainEntityOfPage":{"@id":"https:\/\/www.korso.ch\/de\/trafic-au-musee\/"},"wordCount":4,"commentCount":0,"publisher":{"@id":"https:\/\/www.korso.ch\/#organization"},"image":{"@id":"https:\/\/www.korso.ch\/de\/trafic-au-musee\/#primaryimage"},"thumbnailUrl":"https:\/\/www.korso.ch\/wp-content\/uploads\/2026\/08\/Sans-titre.jpg","keywords":["Italie, 2011, VF, 52 min"],"articleSection":["Avant-premi\u00e8re DE","Film DE"],"inLanguage":"de","potentialAction":[{"@type":"CommentAction","name":"Comment","target":["https:\/\/www.korso.ch\/de\/trafic-au-musee\/#respond"]}]},{"@type":"WebPage","@id":"https:\/\/www.korso.ch\/de\/trafic-au-musee\/","url":"https:\/\/www.korso.ch\/de\/trafic-au-musee\/","name":"Trafic au mus\u00e9e - Korso","isPartOf":{"@id":"https:\/\/www.korso.ch\/#website"},"primaryImageOfPage":{"@id":"https:\/\/www.korso.ch\/de\/trafic-au-musee\/#primaryimage"},"image":{"@id":"https:\/\/www.korso.ch\/de\/trafic-au-musee\/#primaryimage"},"thumbnailUrl":"https:\/\/www.korso.ch\/wp-content\/uploads\/2026\/08\/Sans-titre.jpg","datePublished":"2026-08-31T11:58:47+00:00","dateModified":"2026-08-31T13:12:26+00:00","breadcrumb":{"@id":"https:\/\/www.korso.ch\/de\/trafic-au-musee\/#breadcrumb"},"inLanguage":"de","potentialAction":[{"@type":"ReadAction","target":["https:\/\/www.korso.ch\/de\/trafic-au-musee\/"]}]},{"@type":"ImageObject","inLanguage":"de","@id":"https:\/\/www.korso.ch\/de\/trafic-au-musee\/#primaryimage","url":"https:\/\/www.korso.ch\/wp-content\/uploads\/2026\/08\/Sans-titre.jpg","contentUrl":"https:\/\/www.korso.ch\/wp-content\/uploads\/2026\/08\/Sans-titre.jpg","width":1390,"height":785},{"@type":"BreadcrumbList","@id":"https:\/\/www.korso.ch\/de\/trafic-au-musee\/#breadcrumb","itemListElement":[{"@type":"ListItem","position":1,"name":"Accueil","item":"https:\/\/www.korso.ch\/de\/startseite\/"},{"@type":"ListItem","position":2,"name":"Trafic au mus\u00e9e"}]},{"@type":"WebSite","@id":"https:\/\/www.korso.ch\/#website","url":"https:\/\/www.korso.ch\/","name":"Korso","description":"Kino Bar Bier Korso","publisher":{"@id":"https:\/\/www.korso.ch\/#organization"},"potentialAction":[{"@type":"SearchAction","target":{"@type":"EntryPoint","urlTemplate":"https:\/\/www.korso.ch\/?s={search_term_string}"},"query-input":{"@type":"PropertyValueSpecification","valueRequired":true,"valueName":"search_term_string"}}],"inLanguage":"de"},{"@type":"Organization","@id":"https:\/\/www.korso.ch\/#organization","name":"Korso Kino Bar Bier","alternateName":"Korso cin\u00e9ma fribourg","url":"https:\/\/www.korso.ch\/","logo":{"@type":"ImageObject","inLanguage":"de","@id":"https:\/\/www.korso.ch\/#\/schema\/logo\/image\/","url":"https:\/\/www.korso.ch\/wp-content\/uploads\/2024\/02\/cropped-icone_web_korso.png","contentUrl":"https:\/\/www.korso.ch\/wp-content\/uploads\/2024\/02\/cropped-icone_web_korso.png","width":512,"height":512,"caption":"Korso Kino Bar Bier"},"image":{"@id":"https:\/\/www.korso.ch\/#\/schema\/logo\/image\/"},"sameAs":["https:\/\/www.facebook.com\/korsokinobarbier\/","https:\/\/www.instagram.com\/korso_kino_bar_bier\/"]},{"@type":"Person","@id":"https:\/\/www.korso.ch\/#\/schema\/person\/f61a01c59c50efb406747224a404e519","name":"Sebastiano","image":{"@type":"ImageObject","inLanguage":"de","@id":"https:\/\/secure.gravatar.com\/avatar\/4654c6a087b6e374dd44cd9f299f1b6708ad74be9c9fb53491a4e720d52c44e9?s=96&d=mm&r=g","url":"https:\/\/secure.gravatar.com\/avatar\/4654c6a087b6e374dd44cd9f299f1b6708ad74be9c9fb53491a4e720d52c44e9?s=96&d=mm&r=g","contentUrl":"https:\/\/secure.gravatar.com\/avatar\/4654c6a087b6e374dd44cd9f299f1b6708ad74be9c9fb53491a4e720d52c44e9?s=96&d=mm&r=g","caption":"Sebastiano"},"url":"https:\/\/www.korso.ch\/de\/author\/sebastiano\/"}]}},"_links":{"self":[{"href":"https:\/\/www.korso.ch\/de\/wp-json\/wp\/v2\/posts\/53078","targetHints":{"allow":["GET"]}}],"collection":[{"href":"https:\/\/www.korso.ch\/de\/wp-json\/wp\/v2\/posts"}],"about":[{"href":"https:\/\/www.korso.ch\/de\/wp-json\/wp\/v2\/types\/post"}],"author":[{"embeddable":true,"href":"https:\/\/www.korso.ch\/de\/wp-json\/wp\/v2\/users\/8"}],"replies":[{"embeddable":true,"href":"https:\/\/www.korso.ch\/de\/wp-json\/wp\/v2\/comments?post=53078"}],"version-history":[{"count":1,"href":"https:\/\/www.korso.ch\/de\/wp-json\/wp\/v2\/posts\/53078\/revisions"}],"predecessor-version":[{"id":53079,"href":"https:\/\/www.korso.ch\/de\/wp-json\/wp\/v2\/posts\/53078\/revisions\/53079"}],"wp:featuredmedia":[{"embeddable":true,"href":"https:\/\/www.korso.ch\/de\/wp-json\/wp\/v2\/media\/53075"}],"wp:attachment":[{"href":"https:\/\/www.korso.ch\/de\/wp-json\/wp\/v2\/media?parent=53078"}],"wp:term":[{"taxonomy":"category","embeddable":true,"href":"https:\/\/www.korso.ch\/de\/wp-json\/wp\/v2\/categories?post=53078"},{"taxonomy":"post_tag","embeddable":true,"href":"https:\/\/www.korso.ch\/de\/wp-json\/wp\/v2\/tags?post=53078"}],"curies":[{"name":"wp","href":"https:\/\/api.w.org\/{rel}","templated":true}]}}